{"id":15559,"date":"2023-12-08T13:36:50","date_gmt":"2023-12-08T11:36:50","guid":{"rendered":"https:\/\/www.tlulib.ee\/uncategorized\/iuvenis-arte\/"},"modified":"2023-12-11T12:05:50","modified_gmt":"2023-12-11T10:05:50","slug":"iuvenis-arte","status":"publish","type":"post","link":"https:\/\/www.tlulib.ee\/en\/exhibition\/iuvenis-arte\/","title":{"rendered":"IUVENIS ARTE"},"content":{"rendered":"\n<figure class=\"wp-block-image alignright size-large is-resized\"><img fetchpriority=\"high\" decoding=\"async\" width=\"1024\" height=\"858\" src=\"https:\/\/www.tlulib.ee\/wp-content\/uploads\/2023\/12\/Maal_2_t-1024x858.jpg\" alt=\"\" class=\"wp-image-15547\" style=\"width:403px;height:auto\" srcset=\"https:\/\/www.tlulib.ee\/wp-content\/uploads\/2023\/12\/Maal_2_t-1024x858.jpg 1024w, https:\/\/www.tlulib.ee\/wp-content\/uploads\/2023\/12\/Maal_2_t-300x251.jpg 300w, https:\/\/www.tlulib.ee\/wp-content\/uploads\/2023\/12\/Maal_2_t-768x644.jpg 768w, https:\/\/www.tlulib.ee\/wp-content\/uploads\/2023\/12\/Maal_2_t-1536x1287.jpg 1536w, https:\/\/www.tlulib.ee\/wp-content\/uploads\/2023\/12\/Maal_2_t-2048x1716.jpg 2048w\" sizes=\"(max-width: 1024px) 100vw, 1024px\" \/><\/figure>\n\n<p><strong>The exhibition of ERKF Ene Grauberg&#8217;s sub-fund scholarship holders is open in the 1st floor gallery of the Research Library from December 7th, to January 31st. Come and explore inspiring artworks that offer intriguing perspectives on the artistic scholarship holders&#8217; creations! We look forward to your visit!<\/strong><\/p>\n\n<p>The Ene Grauberg sub-fund provides scholarships for both students and young researchers pursuing further studies in the fields of visual arts and\/or philosophy. The exhibition showcases a selection of artworks by visual artists, from the first scholarship recipient, Rauno Thomas Moss (1977), a young lecturer in art and semiotics at Tartu University to the latest awardee, Rebeka Vaino (1995), a young painter currently completing further studies in Paris and London.<\/p>\n\n<p>Rebeka Vaino&#8217;s vibrant canvas patches, combining trash aesthetics with elements of modernist figuration, are directly mounted on the wall, visible to visitors upon entering the library. Alongside these are Rauno Moss&#8217;s three cubist abstractions, presented in neo-geo style, drawing connections with 20th century modernism.<\/p>\n\n<p>The exhibition also includes four highly refined digital prints by Ruudu Ulas (1987), combining everyday scenes with an aesthetic purification reminiscent of religious values.<\/p>\n\n<p>From Liisi K\u00fcla (1989), whose mediums include video and digital photography, the exhibition features two videos \u2013 &#8220;Dance of Light&#8221; and &#8220;Body Memory&#8221;, along with the photo series &#8220;Wave, Pull, Radiation.&#8221;<\/p>\n\n<p>Ene Grauberg was my philosophy lecturer at the Art Institute; in the early 2000s, she invited me to join the Akadeemia NORD board. Now, I&#8217;m part of the Grauberg sub-fund council. I helped Ene prepare and design the exhibition, and at her request, my own works are displayed at the exhibition.<\/p>\n\n<p>We extend our gratitude to the Research Library Director Andres Kollist and artist Karl-Kristjan Nagel for their assistance in installing the exhibition.<\/p>\n\n<p><em>Jaan Elken,<\/em>&#13;\n&#13;\n<em>Emeritus Professor, University of Tartu<\/em><\/p>\n\n<p><strong>Everyone can want, fear, and hope! What comes, no one expects!<\/strong>&#13;\n\/B. Alver\/<\/p>\n\n<p><em>*\u00a0Only education sets one free! This was evident already in ancient times.<\/em>&#13;\n<em>*\u00a0Although Archimedes&#8217; saying, &#8220;Give me a place to stand, and I will move the Earth,&#8221; was originally meant primarily for physics, nowadays, you can find this standing point in philosophy of art and morality as well.<\/em>&#13;\n<em>*\u00a0From Descartes&#8217; philosophical principle &#8220;cogito, ergo sum&#8221; &#8211; give me a foundation, and I will change the world, it becomes clear that the greatest question on the path to freedom is not about the rules &#8211; there are always many of those &#8211; but about the foundations from which to start.<\/em>&#13;\n<em>* &#8220;Oh, French people&#8230; you are free if you have the courage to be free!&#8221; This was once said by Jean-Paul Marat.<\/em><\/p>\n\n<figure class=\"wp-block-image alignright size-full is-resized\"><img decoding=\"async\" width=\"469\" height=\"665\" src=\"https:\/\/www.tlulib.ee\/wp-content\/uploads\/2023\/12\/Ene_grauberg.jpg\" alt=\"\" class=\"wp-image-15544\" style=\"width:330px;height:auto\" srcset=\"https:\/\/www.tlulib.ee\/wp-content\/uploads\/2023\/12\/Ene_grauberg.jpg 469w, https:\/\/www.tlulib.ee\/wp-content\/uploads\/2023\/12\/Ene_grauberg-212x300.jpg 212w\" sizes=\"(max-width: 469px) 100vw, 469px\" \/><figcaption class=\"wp-element-caption\">Ene Grauberg Photo: private collection<\/figcaption><\/figure>\n\n<p>What unites these statements made at different times is the fact that education is primarily freedom. Occasionally, I have been asked: how did the idea for establishing the Ene Grauberg sub-fund of the Estonian National Culture Foundation arise and become possible? I have asked this myself. The short answer is: it has indeed been a grand adventure. By adventure, I mean, in particular, taking on something significant occasionally, even without knowing exactly what it should be. On the other hand, the establishment of the Ene Grauberg sub-fund of the Estonian National Culture Foundation is probably also a tribute to the many young people &#8211; my former art and philosophy students, as well as law students and others &#8211; with whom I have traveled the long path of seeking truth and freedom. Naturally, the present time, full of the call for freedom, has contributed to this.<\/p>\n\n<p><em>With respect, <\/em><em style=\"font-size: 16px;\">Ene Grauberg, <\/em><em>Emeritus Professor at Tallinn University<\/em>&#13;\n<a href=\"mailto:erkfenegraubergiallfond@gmail.com\">erkfenegraubergiallfond@gmail.com<\/a><\/p>\n\n<p>The exhibition was opened, and the names of new scholarship holders were announced on Thursday, December 7th, at 5:00 PM.<\/p>\n\n<p>Recipients of the scholarship:<\/p>\n\n<p><strong>Mia Tamme<\/strong> &#8211; 2000 euros for master&#8217;s studies in artistic research at the Dutch Art Institute.<\/p>\n\n<p><strong>Triin Metsla<\/strong> &#8211; 1500 euros for doctoral research in the following research institutions in Paris: Universit\u00e9 Paris Cit\u00e9, Terra Foundation for American Art library, Kandinsky Library and Archives at the Pompidou Center, La biblioth\u00e8que de l&#8217;Institut national d&#8217;histoire de l&#8217;art (INHA).<\/p>\n\n<p><strong>Kris Kool<\/strong> &#8211; 1000 euros for studies in design at Hanze Minerva Art Academy in the Netherlands.<\/p>\n\n<p>Congratulations to the new scholarship recipients!<\/p>\n\n<p>The exhibition opening in the media (only in Estonian):&#13;\nERR: &#8220;<a href=\"https:\/\/kultuur.err.ee\/1609189303\/pildid-ene-graubergi-fond-kuulutas-valja-uued-stipendiaadid-ja-avas-naituse\">Pildid: Ene Graubergi fond kuulutas v\u00e4lja uued stipendiaadid ja avas n\u00e4ituse<\/a>.&#8221;&#13;\nEesti P\u00e4evaleht: &#8220;<a href=\"https:\/\/epl.delfi.ee\/artikkel\/120253765\/fotod-ene-graubergi-fond-jagas-noortele-kunstnikele-stipendiume-ja-avas-naituse\">FOTOD | Ene Graubergi fond jagas noortele kunstnikele stipendiume ja avas n\u00e4ituse.<\/a>&#8220;<\/p>\n","protected":false},"excerpt":{"rendered":"<p>The exhibition of ERKF Ene Grauberg&#8217;s sub-fund scholarship holders is open in the 1st floor gallery of the Research Library from December 7th, to January 31st. Come and explore inspiring artworks that offer intriguing perspectives on the artistic scholarship holders&#8217; creations! We look forward to your visit! The Ene Grauberg sub-fund provides scholarships for both [&hellip;]<\/p>\n","protected":false},"author":11,"featured_media":15548,"comment_status":"closed","ping_status":"open","sticky":false,"template":"","format":"standard","meta":{"site-sidebar-layout":"default","site-content-layout":"","ast-site-content-layout":"default","site-content-style":"default","site-sidebar-style":"default","ast-global-header-display":"","ast-banner-title-visibility":"","ast-main-header-display":"","ast-hfb-above-header-display":"","ast-hfb-below-header-display":"","ast-hfb-mobile-header-display":"","site-post-title":"","ast-breadcrumbs-content":"","ast-featured-img":"","footer-sml-layout":"","ast-disable-related-posts":"","theme-transparent-header-meta":"","adv-header-id-meta":"","stick-header-meta":"","header-above-stick-meta":"","header-main-stick-meta":"","header-below-stick-meta":"","astra-migrate-meta-layouts":"default","ast-page-background-enabled":"default","ast-page-background-meta":{"desktop":{"background-color":"","background-image":"","background-repeat":"repeat","background-position":"center center","background-size":"auto","background-attachment":"scroll","background-type":"","background-media":"","overlay-type":"","overlay-color":"","overlay-opacity":"","overlay-gradient":""},"tablet":{"background-color":"","background-image":"","background-repeat":"repeat","background-position":"center center","background-size":"auto","background-attachment":"scroll","background-type":"","background-media":"","overlay-type":"","overlay-color":"","overlay-opacity":"","overlay-gradient":""},"mobile":{"background-color":"","background-image":"","background-repeat":"repeat","background-position":"center center","background-size":"auto","background-attachment":"scroll","background-type":"","background-media":"","overlay-type":"","overlay-color":"","overlay-opacity":"","overlay-gradient":""}},"ast-content-background-meta":{"desktop":{"background-color":"var(--ast-global-color-5)","background-image":"","background-repeat":"repeat","background-position":"center center","background-size":"auto","background-attachment":"scroll","background-type":"","background-media":"","overlay-type":"","overlay-color":"","overlay-opacity":"","overlay-gradient":""},"tablet":{"background-color":"var(--ast-global-color-5)","background-image":"","background-repeat":"repeat","background-position":"center center","background-size":"auto","background-attachment":"scroll","background-type":"","background-media":"","overlay-type":"","overlay-color":"","overlay-opacity":"","overlay-gradient":""},"mobile":{"background-color":"var(--ast-global-color-5)","background-image":"","background-repeat":"repeat","background-position":"center center","background-size":"auto","background-attachment":"scroll","background-type":"","background-media":"","overlay-type":"","overlay-color":"","overlay-opacity":"","overlay-gradient":""}},"footnotes":""},"categories":[119],"tags":[],"class_list":["post-15559","post","type-post","status-publish","format-standard","has-post-thumbnail","hentry","category-exhibition"],"yoast_head":"<!-- This site is optimized with the Yoast SEO plugin v26.8 - https:\/\/yoast.com\/product\/yoast-seo-wordpress\/ -->\n<title>IUVENIS ARTE &#8212; Tallinna \u00dclikooli Akadeemiline Raamatukogu<\/title>\n<meta name=\"description\" content=\"The exhibition of ERKF Ene Grauberg&#039;s sub-fund scholarship holders is open in the 1st floor gallery of the Research Library from December 7th, to January 31st. Come and explore inspiring artworks that offer intriguing perspectives on the artistic scholarship holders&#039; creations! We look forward to your visit!\" \/>\n<meta name=\"robots\" content=\"index, follow, max-snippet:-1, max-image-preview:large, max-video-preview:-1\" \/>\n<link rel=\"canonical\" href=\"https:\/\/www.tlulib.ee\/en\/exhibition\/iuvenis-arte\/\" \/>\n<meta property=\"og:locale\" content=\"en_US\" \/>\n<meta property=\"og:type\" content=\"article\" \/>\n<meta property=\"og:title\" content=\"IUVENIS ARTE &#8212; Tallinna \u00dclikooli Akadeemiline Raamatukogu\" \/>\n<meta property=\"og:description\" content=\"The exhibition of ERKF Ene Grauberg&#039;s sub-fund scholarship holders is open in the 1st floor gallery of the Research Library from December 7th, to January 31st. Come and explore inspiring artworks that offer intriguing perspectives on the artistic scholarship holders&#039; creations! We look forward to your visit!\" \/>\n<meta property=\"og:url\" content=\"https:\/\/www.tlulib.ee\/en\/exhibition\/iuvenis-arte\/\" \/>\n<meta property=\"og:site_name\" content=\"Tallinna \u00dclikooli Akadeemiline Raamatukogu\" \/>\n<meta property=\"article:publisher\" content=\"https:\/\/www.facebook.com\/TLYAR\" \/>\n<meta property=\"article:published_time\" content=\"2023-12-08T11:36:50+00:00\" \/>\n<meta property=\"article:modified_time\" content=\"2023-12-11T10:05:50+00:00\" \/>\n<meta property=\"og:image\" content=\"https:\/\/www.tlulib.ee\/wp-content\/uploads\/2023\/12\/Maal_2_t-scaled.jpg\" \/>\n\t<meta property=\"og:image:width\" content=\"2560\" \/>\n\t<meta property=\"og:image:height\" content=\"2146\" \/>\n\t<meta property=\"og:image:type\" content=\"image\/jpeg\" \/>\n<meta name=\"author\" content=\"Grete Lepvalts\" \/>\n<meta name=\"twitter:card\" content=\"summary_large_image\" \/>\n<meta name=\"twitter:creator\" content=\"@library\" \/>\n<meta name=\"twitter:site\" content=\"@library\" \/>\n<meta name=\"twitter:label1\" content=\"Written by\" \/>\n\t<meta name=\"twitter:data1\" content=\"Grete Lepvalts\" \/>\n\t<meta name=\"twitter:label2\" content=\"Est. reading time\" \/>\n\t<meta name=\"twitter:data2\" content=\"4 minutes\" \/>\n<script type=\"application\/ld+json\" class=\"yoast-schema-graph\">{\"@context\":\"https:\/\/schema.org\",\"@graph\":[{\"@type\":\"Article\",\"@id\":\"https:\/\/www.tlulib.ee\/en\/exhibition\/iuvenis-arte\/#article\",\"isPartOf\":{\"@id\":\"https:\/\/www.tlulib.ee\/en\/exhibition\/iuvenis-arte\/\"},\"author\":{\"name\":\"Grete Lepvalts\",\"@id\":\"https:\/\/www.tlulib.ee\/#\/schema\/person\/5b0841ca3020df761de353be6a5ab8b5\"},\"headline\":\"IUVENIS ARTE\",\"datePublished\":\"2023-12-08T11:36:50+00:00\",\"dateModified\":\"2023-12-11T10:05:50+00:00\",\"mainEntityOfPage\":{\"@id\":\"https:\/\/www.tlulib.ee\/en\/exhibition\/iuvenis-arte\/\"},\"wordCount\":737,\"publisher\":{\"@id\":\"https:\/\/www.tlulib.ee\/#organization\"},\"image\":{\"@id\":\"https:\/\/www.tlulib.ee\/en\/exhibition\/iuvenis-arte\/#primaryimage\"},\"thumbnailUrl\":\"https:\/\/www.tlulib.ee\/wp-content\/uploads\/2023\/12\/Maal_2_t-scaled.jpg\",\"articleSection\":[\"Exhibition\"],\"inLanguage\":\"en-US\"},{\"@type\":\"WebPage\",\"@id\":\"https:\/\/www.tlulib.ee\/en\/exhibition\/iuvenis-arte\/\",\"url\":\"https:\/\/www.tlulib.ee\/en\/exhibition\/iuvenis-arte\/\",\"name\":\"IUVENIS ARTE &#8212; Tallinna \u00dclikooli Akadeemiline Raamatukogu\",\"isPartOf\":{\"@id\":\"https:\/\/www.tlulib.ee\/#website\"},\"primaryImageOfPage\":{\"@id\":\"https:\/\/www.tlulib.ee\/en\/exhibition\/iuvenis-arte\/#primaryimage\"},\"image\":{\"@id\":\"https:\/\/www.tlulib.ee\/en\/exhibition\/iuvenis-arte\/#primaryimage\"},\"thumbnailUrl\":\"https:\/\/www.tlulib.ee\/wp-content\/uploads\/2023\/12\/Maal_2_t-scaled.jpg\",\"datePublished\":\"2023-12-08T11:36:50+00:00\",\"dateModified\":\"2023-12-11T10:05:50+00:00\",\"description\":\"The exhibition of ERKF Ene Grauberg's sub-fund scholarship holders is open in the 1st floor gallery of the Research Library from December 7th, to January 31st. Come and explore inspiring artworks that offer intriguing perspectives on the artistic scholarship holders' creations! We look forward to your visit!\",\"breadcrumb\":{\"@id\":\"https:\/\/www.tlulib.ee\/en\/exhibition\/iuvenis-arte\/#breadcrumb\"},\"inLanguage\":\"en-US\",\"potentialAction\":[{\"@type\":\"ReadAction\",\"target\":[\"https:\/\/www.tlulib.ee\/en\/exhibition\/iuvenis-arte\/\"]}]},{\"@type\":\"ImageObject\",\"inLanguage\":\"en-US\",\"@id\":\"https:\/\/www.tlulib.ee\/en\/exhibition\/iuvenis-arte\/#primaryimage\",\"url\":\"https:\/\/www.tlulib.ee\/wp-content\/uploads\/2023\/12\/Maal_2_t-scaled.jpg\",\"contentUrl\":\"https:\/\/www.tlulib.ee\/wp-content\/uploads\/2023\/12\/Maal_2_t-scaled.jpg\",\"width\":2560,\"height\":2146},{\"@type\":\"BreadcrumbList\",\"@id\":\"https:\/\/www.tlulib.ee\/en\/exhibition\/iuvenis-arte\/#breadcrumb\",\"itemListElement\":[{\"@type\":\"ListItem\",\"position\":1,\"name\":\"Home\",\"item\":\"https:\/\/www.tlulib.ee\/en\/\"},{\"@type\":\"ListItem\",\"position\":2,\"name\":\"IUVENIS ARTE\"}]},{\"@type\":\"WebSite\",\"@id\":\"https:\/\/www.tlulib.ee\/#website\",\"url\":\"https:\/\/www.tlulib.ee\/\",\"name\":\"Tallinna \u00dclikooli Akadeemiline Raamatukogu\",\"description\":\"Tallinna \u00dclikooli Akadeemiline Raamatukogu\",\"publisher\":{\"@id\":\"https:\/\/www.tlulib.ee\/#organization\"},\"potentialAction\":[{\"@type\":\"SearchAction\",\"target\":{\"@type\":\"EntryPoint\",\"urlTemplate\":\"https:\/\/www.tlulib.ee\/?s={search_term_string}\"},\"query-input\":{\"@type\":\"PropertyValueSpecification\",\"valueRequired\":true,\"valueName\":\"search_term_string\"}}],\"inLanguage\":\"en-US\"},{\"@type\":\"Organization\",\"@id\":\"https:\/\/www.tlulib.ee\/#organization\",\"name\":\"Tallinna \u00dclikooli Akadeemiline raamatukogu\",\"url\":\"https:\/\/www.tlulib.ee\/\",\"logo\":{\"@type\":\"ImageObject\",\"inLanguage\":\"en-US\",\"@id\":\"https:\/\/www.tlulib.ee\/#\/schema\/logo\/image\/\",\"url\":\"https:\/\/www.tlulib.ee\/wp-content\/uploads\/2020\/12\/Raamatukogu-logo-EST.svg\",\"contentUrl\":\"https:\/\/www.tlulib.ee\/wp-content\/uploads\/2020\/12\/Raamatukogu-logo-EST.svg\",\"width\":1,\"height\":1,\"caption\":\"Tallinna \u00dclikooli Akadeemiline raamatukogu\"},\"image\":{\"@id\":\"https:\/\/www.tlulib.ee\/#\/schema\/logo\/image\/\"},\"sameAs\":[\"https:\/\/www.facebook.com\/TLYAR\",\"https:\/\/x.com\/library\",\"https:\/\/www.youtube.com\/channel\/UCO0ocGxeAb7vnQcPHfJp62Q\",\"https:\/\/et.wikipedia.org\/wiki\/Tallinna_\u00dclikooli_Akadeemiline_Raamatukogu\"]},{\"@type\":\"Person\",\"@id\":\"https:\/\/www.tlulib.ee\/#\/schema\/person\/5b0841ca3020df761de353be6a5ab8b5\",\"name\":\"Grete Lepvalts\",\"image\":{\"@type\":\"ImageObject\",\"inLanguage\":\"en-US\",\"@id\":\"https:\/\/www.tlulib.ee\/#\/schema\/person\/image\/\",\"url\":\"https:\/\/secure.gravatar.com\/avatar\/07b903b92c25d9bbc1710079dba849c72dd84dcef575ee77ef95e8f9d4517ab0?s=96&d=mm&r=g\",\"contentUrl\":\"https:\/\/secure.gravatar.com\/avatar\/07b903b92c25d9bbc1710079dba849c72dd84dcef575ee77ef95e8f9d4517ab0?s=96&d=mm&r=g\",\"caption\":\"Grete Lepvalts\"},\"sameAs\":[\"https:\/\/www.tlulib.ee\"]}]}<\/script>\n<!-- \/ Yoast SEO plugin. -->","yoast_head_json":{"title":"IUVENIS ARTE &#8212; Tallinna \u00dclikooli Akadeemiline Raamatukogu","description":"The exhibition of ERKF Ene Grauberg's sub-fund scholarship holders is open in the 1st floor gallery of the Research Library from December 7th, to January 31st. Come and explore inspiring artworks that offer intriguing perspectives on the artistic scholarship holders' creations! We look forward to your visit!","robots":{"index":"index","follow":"follow","max-snippet":"max-snippet:-1","max-image-preview":"max-image-preview:large","max-video-preview":"max-video-preview:-1"},"canonical":"https:\/\/www.tlulib.ee\/en\/exhibition\/iuvenis-arte\/","og_locale":"en_US","og_type":"article","og_title":"IUVENIS ARTE &#8212; Tallinna \u00dclikooli Akadeemiline Raamatukogu","og_description":"The exhibition of ERKF Ene Grauberg's sub-fund scholarship holders is open in the 1st floor gallery of the Research Library from December 7th, to January 31st. Come and explore inspiring artworks that offer intriguing perspectives on the artistic scholarship holders' creations! We look forward to your visit!","og_url":"https:\/\/www.tlulib.ee\/en\/exhibition\/iuvenis-arte\/","og_site_name":"Tallinna \u00dclikooli Akadeemiline Raamatukogu","article_publisher":"https:\/\/www.facebook.com\/TLYAR","article_published_time":"2023-12-08T11:36:50+00:00","article_modified_time":"2023-12-11T10:05:50+00:00","og_image":[{"width":2560,"height":2146,"url":"https:\/\/www.tlulib.ee\/wp-content\/uploads\/2023\/12\/Maal_2_t-scaled.jpg","type":"image\/jpeg"}],"author":"Grete Lepvalts","twitter_card":"summary_large_image","twitter_creator":"@library","twitter_site":"@library","twitter_misc":{"Written by":"Grete Lepvalts","Est. reading time":"4 minutes"},"schema":{"@context":"https:\/\/schema.org","@graph":[{"@type":"Article","@id":"https:\/\/www.tlulib.ee\/en\/exhibition\/iuvenis-arte\/#article","isPartOf":{"@id":"https:\/\/www.tlulib.ee\/en\/exhibition\/iuvenis-arte\/"},"author":{"name":"Grete Lepvalts","@id":"https:\/\/www.tlulib.ee\/#\/schema\/person\/5b0841ca3020df761de353be6a5ab8b5"},"headline":"IUVENIS ARTE","datePublished":"2023-12-08T11:36:50+00:00","dateModified":"2023-12-11T10:05:50+00:00","mainEntityOfPage":{"@id":"https:\/\/www.tlulib.ee\/en\/exhibition\/iuvenis-arte\/"},"wordCount":737,"publisher":{"@id":"https:\/\/www.tlulib.ee\/#organization"},"image":{"@id":"https:\/\/www.tlulib.ee\/en\/exhibition\/iuvenis-arte\/#primaryimage"},"thumbnailUrl":"https:\/\/www.tlulib.ee\/wp-content\/uploads\/2023\/12\/Maal_2_t-scaled.jpg","articleSection":["Exhibition"],"inLanguage":"en-US"},{"@type":"WebPage","@id":"https:\/\/www.tlulib.ee\/en\/exhibition\/iuvenis-arte\/","url":"https:\/\/www.tlulib.ee\/en\/exhibition\/iuvenis-arte\/","name":"IUVENIS ARTE &#8212; Tallinna \u00dclikooli Akadeemiline Raamatukogu","isPartOf":{"@id":"https:\/\/www.tlulib.ee\/#website"},"primaryImageOfPage":{"@id":"https:\/\/www.tlulib.ee\/en\/exhibition\/iuvenis-arte\/#primaryimage"},"image":{"@id":"https:\/\/www.tlulib.ee\/en\/exhibition\/iuvenis-arte\/#primaryimage"},"thumbnailUrl":"https:\/\/www.tlulib.ee\/wp-content\/uploads\/2023\/12\/Maal_2_t-scaled.jpg","datePublished":"2023-12-08T11:36:50+00:00","dateModified":"2023-12-11T10:05:50+00:00","description":"The exhibition of ERKF Ene Grauberg's sub-fund scholarship holders is open in the 1st floor gallery of the Research Library from December 7th, to January 31st. Come and explore inspiring artworks that offer intriguing perspectives on the artistic scholarship holders' creations! We look forward to your visit!","breadcrumb":{"@id":"https:\/\/www.tlulib.ee\/en\/exhibition\/iuvenis-arte\/#breadcrumb"},"inLanguage":"en-US","potentialAction":[{"@type":"ReadAction","target":["https:\/\/www.tlulib.ee\/en\/exhibition\/iuvenis-arte\/"]}]},{"@type":"ImageObject","inLanguage":"en-US","@id":"https:\/\/www.tlulib.ee\/en\/exhibition\/iuvenis-arte\/#primaryimage","url":"https:\/\/www.tlulib.ee\/wp-content\/uploads\/2023\/12\/Maal_2_t-scaled.jpg","contentUrl":"https:\/\/www.tlulib.ee\/wp-content\/uploads\/2023\/12\/Maal_2_t-scaled.jpg","width":2560,"height":2146},{"@type":"BreadcrumbList","@id":"https:\/\/www.tlulib.ee\/en\/exhibition\/iuvenis-arte\/#breadcrumb","itemListElement":[{"@type":"ListItem","position":1,"name":"Home","item":"https:\/\/www.tlulib.ee\/en\/"},{"@type":"ListItem","position":2,"name":"IUVENIS ARTE"}]},{"@type":"WebSite","@id":"https:\/\/www.tlulib.ee\/#website","url":"https:\/\/www.tlulib.ee\/","name":"Tallinna \u00dclikooli Akadeemiline Raamatukogu","description":"Tallinna \u00dclikooli Akadeemiline Raamatukogu","publisher":{"@id":"https:\/\/www.tlulib.ee\/#organization"},"potentialAction":[{"@type":"SearchAction","target":{"@type":"EntryPoint","urlTemplate":"https:\/\/www.tlulib.ee\/?s={search_term_string}"},"query-input":{"@type":"PropertyValueSpecification","valueRequired":true,"valueName":"search_term_string"}}],"inLanguage":"en-US"},{"@type":"Organization","@id":"https:\/\/www.tlulib.ee\/#organization","name":"Tallinna \u00dclikooli Akadeemiline raamatukogu","url":"https:\/\/www.tlulib.ee\/","logo":{"@type":"ImageObject","inLanguage":"en-US","@id":"https:\/\/www.tlulib.ee\/#\/schema\/logo\/image\/","url":"https:\/\/www.tlulib.ee\/wp-content\/uploads\/2020\/12\/Raamatukogu-logo-EST.svg","contentUrl":"https:\/\/www.tlulib.ee\/wp-content\/uploads\/2020\/12\/Raamatukogu-logo-EST.svg","width":1,"height":1,"caption":"Tallinna \u00dclikooli Akadeemiline raamatukogu"},"image":{"@id":"https:\/\/www.tlulib.ee\/#\/schema\/logo\/image\/"},"sameAs":["https:\/\/www.facebook.com\/TLYAR","https:\/\/x.com\/library","https:\/\/www.youtube.com\/channel\/UCO0ocGxeAb7vnQcPHfJp62Q","https:\/\/et.wikipedia.org\/wiki\/Tallinna_\u00dclikooli_Akadeemiline_Raamatukogu"]},{"@type":"Person","@id":"https:\/\/www.tlulib.ee\/#\/schema\/person\/5b0841ca3020df761de353be6a5ab8b5","name":"Grete Lepvalts","image":{"@type":"ImageObject","inLanguage":"en-US","@id":"https:\/\/www.tlulib.ee\/#\/schema\/person\/image\/","url":"https:\/\/secure.gravatar.com\/avatar\/07b903b92c25d9bbc1710079dba849c72dd84dcef575ee77ef95e8f9d4517ab0?s=96&d=mm&r=g","contentUrl":"https:\/\/secure.gravatar.com\/avatar\/07b903b92c25d9bbc1710079dba849c72dd84dcef575ee77ef95e8f9d4517ab0?s=96&d=mm&r=g","caption":"Grete Lepvalts"},"sameAs":["https:\/\/www.tlulib.ee"]}]}},"_links":{"self":[{"href":"https:\/\/www.tlulib.ee\/en\/wp-json\/wp\/v2\/posts\/15559","targetHints":{"allow":["GET"]}}],"collection":[{"href":"https:\/\/www.tlulib.ee\/en\/wp-json\/wp\/v2\/posts"}],"about":[{"href":"https:\/\/www.tlulib.ee\/en\/wp-json\/wp\/v2\/types\/post"}],"author":[{"embeddable":true,"href":"https:\/\/www.tlulib.ee\/en\/wp-json\/wp\/v2\/users\/11"}],"replies":[{"embeddable":true,"href":"https:\/\/www.tlulib.ee\/en\/wp-json\/wp\/v2\/comments?post=15559"}],"version-history":[{"count":2,"href":"https:\/\/www.tlulib.ee\/en\/wp-json\/wp\/v2\/posts\/15559\/revisions"}],"predecessor-version":[{"id":15570,"href":"https:\/\/www.tlulib.ee\/en\/wp-json\/wp\/v2\/posts\/15559\/revisions\/15570"}],"wp:featuredmedia":[{"embeddable":true,"href":"https:\/\/www.tlulib.ee\/en\/wp-json\/wp\/v2\/media\/15548"}],"wp:attachment":[{"href":"https:\/\/www.tlulib.ee\/en\/wp-json\/wp\/v2\/media?parent=15559"}],"wp:term":[{"taxonomy":"category","embeddable":true,"href":"https:\/\/www.tlulib.ee\/en\/wp-json\/wp\/v2\/categories?post=15559"},{"taxonomy":"post_tag","embeddable":true,"href":"https:\/\/www.tlulib.ee\/en\/wp-json\/wp\/v2\/tags?post=15559"}],"curies":[{"name":"wp","href":"https:\/\/api.w.org\/{rel}","templated":true}]}}